{"id":141,"date":"2025-06-27T16:44:59","date_gmt":"2025-06-27T14:44:59","guid":{"rendered":"https:\/\/www.section-aero.fr\/?p=141"},"modified":"2025-06-28T01:01:52","modified_gmt":"2025-06-27T23:01:52","slug":"le-sujet-et-le-corrige-du-2025-sont-en-ligne","status":"publish","type":"post","link":"https:\/\/www.section-aero.fr\/index.php\/2025\/06\/27\/le-sujet-et-le-corrige-du-2025-sont-en-ligne\/","title":{"rendered":"Le sujet et le corrig\u00e9 du BIA 2025 sont en ligne"},"content":{"rendered":"\n<p>Le sujet 2025, son corrig\u00e9 personnel, le sujet de l&rsquo;\u00e9preuve facultative d&rsquo;anglais a\u00e9ronautique et son corrige tout aussi personnel sont <a href=\"https:\/\/www.bigorre.org\/publication\/2025-06-04_sujet-et-corrige-du-bia-2025\">en ligne<\/a><\/p>\n","protected":false},"excerpt":{"rendered":"<p>Le sujet 2025, son corrig\u00e9 personnel, le sujet de l&rsquo;\u00e9preuve facultative d&rsquo;anglais a\u00e9ronautique et son corrige tout aussi personnel sont en ligne<\/p>\n","protected":false},"author":2,"featured_media":142,"comment_status":"closed","ping_status":"closed","sticky":false,"template":"","format":"standard","meta":{"footnotes":""},"categories":[1],"tags":[],"class_list":["post-141","post","type-post","status-publish","format-standard","has-post-thumbnail","hentry","category-non-classe"],"yoast_head":"<!-- This site is optimized with the Yoast SEO plugin v27.5 - https:\/\/yoast.com\/product\/yoast-seo-wordpress\/ -->\n<title>Le sujet et le corrig\u00e9 du BIA 2025 sont en ligne - Section d&#039;Initiation A\u00e9ronautique<\/title>\n<meta name=\"robots\" content=\"index, follow, max-snippet:-1, max-image-preview:large, max-video-preview:-1\" \/>\n<link rel=\"canonical\" href=\"https:\/\/www.section-aero.fr\/index.php\/2025\/06\/27\/le-sujet-et-le-corrige-du-2025-sont-en-ligne\/\" \/>\n<meta property=\"og:locale\" content=\"fr_FR\" \/>\n<meta property=\"og:type\" content=\"article\" \/>\n<meta property=\"og:title\" content=\"Le sujet et le corrig\u00e9 du BIA 2025 sont en ligne - Section d&#039;Initiation A\u00e9ronautique\" \/>\n<meta property=\"og:description\" content=\"Le sujet 2025, son corrig\u00e9 personnel, le sujet de l&rsquo;\u00e9preuve facultative d&rsquo;anglais a\u00e9ronautique et son corrige tout aussi personnel sont en ligne\" \/>\n<meta property=\"og:url\" content=\"https:\/\/www.section-aero.fr\/index.php\/2025\/06\/27\/le-sujet-et-le-corrige-du-2025-sont-en-ligne\/\" \/>\n<meta property=\"og:site_name\" content=\"Section d&#039;Initiation A\u00e9ronautique\" \/>\n<meta property=\"article:publisher\" content=\"https:\/\/www.facebook.com\/sectionaero\" \/>\n<meta property=\"article:published_time\" content=\"2025-06-27T14:44:59+00:00\" \/>\n<meta property=\"article:modified_time\" content=\"2025-06-27T23:01:52+00:00\" \/>\n<meta property=\"og:image\" content=\"https:\/\/www.section-aero.fr\/wp-content\/uploads\/2025\/06\/20250604_bia20251.webp\" \/>\n\t<meta property=\"og:image:width\" content=\"1000\" \/>\n\t<meta property=\"og:image:height\" content=\"666\" \/>\n\t<meta property=\"og:image:type\" content=\"image\/webp\" \/>\n<meta name=\"author\" content=\"St\u00e9phane Boularand\" \/>\n<meta name=\"twitter:card\" content=\"summary_large_image\" \/>\n<meta name=\"twitter:label1\" content=\"\u00c9crit par\" \/>\n\t<meta name=\"twitter:data1\" content=\"St\u00e9phane Boularand\" \/>\n\t<meta name=\"twitter:label2\" content=\"Dur\u00e9e de lecture estim\u00e9e\" \/>\n\t<meta name=\"twitter:data2\" content=\"1 minute\" \/>\n<script type=\"application\/ld+json\" class=\"yoast-schema-graph\">{\"@context\":\"https:\\\/\\\/schema.org\",\"@graph\":[{\"@type\":\"Article\",\"@id\":\"https:\\\/\\\/www.section-aero.fr\\\/index.php\\\/2025\\\/06\\\/27\\\/le-sujet-et-le-corrige-du-2025-sont-en-ligne\\\/#article\",\"isPartOf\":{\"@id\":\"https:\\\/\\\/www.section-aero.fr\\\/index.php\\\/2025\\\/06\\\/27\\\/le-sujet-et-le-corrige-du-2025-sont-en-ligne\\\/\"},\"author\":{\"name\":\"St\u00e9phane Boularand\",\"@id\":\"https:\\\/\\\/www.section-aero.fr\\\/#\\\/schema\\\/person\\\/3067faae490ee1cf685764a1ae21a448\"},\"headline\":\"Le sujet et le corrig\u00e9 du BIA 2025 sont en ligne\",\"datePublished\":\"2025-06-27T14:44:59+00:00\",\"dateModified\":\"2025-06-27T23:01:52+00:00\",\"mainEntityOfPage\":{\"@id\":\"https:\\\/\\\/www.section-aero.fr\\\/index.php\\\/2025\\\/06\\\/27\\\/le-sujet-et-le-corrige-du-2025-sont-en-ligne\\\/\"},\"wordCount\":34,\"image\":{\"@id\":\"https:\\\/\\\/www.section-aero.fr\\\/index.php\\\/2025\\\/06\\\/27\\\/le-sujet-et-le-corrige-du-2025-sont-en-ligne\\\/#primaryimage\"},\"thumbnailUrl\":\"https:\\\/\\\/www.section-aero.fr\\\/wp-content\\\/uploads\\\/2025\\\/06\\\/20250604_bia20251.webp\",\"inLanguage\":\"fr-FR\"},{\"@type\":\"WebPage\",\"@id\":\"https:\\\/\\\/www.section-aero.fr\\\/index.php\\\/2025\\\/06\\\/27\\\/le-sujet-et-le-corrige-du-2025-sont-en-ligne\\\/\",\"url\":\"https:\\\/\\\/www.section-aero.fr\\\/index.php\\\/2025\\\/06\\\/27\\\/le-sujet-et-le-corrige-du-2025-sont-en-ligne\\\/\",\"name\":\"Le sujet et le corrig\u00e9 du BIA 2025 sont en ligne - Section d&#039;Initiation A\u00e9ronautique\",\"isPartOf\":{\"@id\":\"https:\\\/\\\/www.section-aero.fr\\\/#website\"},\"primaryImageOfPage\":{\"@id\":\"https:\\\/\\\/www.section-aero.fr\\\/index.php\\\/2025\\\/06\\\/27\\\/le-sujet-et-le-corrige-du-2025-sont-en-ligne\\\/#primaryimage\"},\"image\":{\"@id\":\"https:\\\/\\\/www.section-aero.fr\\\/index.php\\\/2025\\\/06\\\/27\\\/le-sujet-et-le-corrige-du-2025-sont-en-ligne\\\/#primaryimage\"},\"thumbnailUrl\":\"https:\\\/\\\/www.section-aero.fr\\\/wp-content\\\/uploads\\\/2025\\\/06\\\/20250604_bia20251.webp\",\"datePublished\":\"2025-06-27T14:44:59+00:00\",\"dateModified\":\"2025-06-27T23:01:52+00:00\",\"author\":{\"@id\":\"https:\\\/\\\/www.section-aero.fr\\\/#\\\/schema\\\/person\\\/3067faae490ee1cf685764a1ae21a448\"},\"breadcrumb\":{\"@id\":\"https:\\\/\\\/www.section-aero.fr\\\/index.php\\\/2025\\\/06\\\/27\\\/le-sujet-et-le-corrige-du-2025-sont-en-ligne\\\/#breadcrumb\"},\"inLanguage\":\"fr-FR\",\"potentialAction\":[{\"@type\":\"ReadAction\",\"target\":[\"https:\\\/\\\/www.section-aero.fr\\\/index.php\\\/2025\\\/06\\\/27\\\/le-sujet-et-le-corrige-du-2025-sont-en-ligne\\\/\"]}]},{\"@type\":\"ImageObject\",\"inLanguage\":\"fr-FR\",\"@id\":\"https:\\\/\\\/www.section-aero.fr\\\/index.php\\\/2025\\\/06\\\/27\\\/le-sujet-et-le-corrige-du-2025-sont-en-ligne\\\/#primaryimage\",\"url\":\"https:\\\/\\\/www.section-aero.fr\\\/wp-content\\\/uploads\\\/2025\\\/06\\\/20250604_bia20251.webp\",\"contentUrl\":\"https:\\\/\\\/www.section-aero.fr\\\/wp-content\\\/uploads\\\/2025\\\/06\\\/20250604_bia20251.webp\",\"width\":1000,\"height\":666},{\"@type\":\"BreadcrumbList\",\"@id\":\"https:\\\/\\\/www.section-aero.fr\\\/index.php\\\/2025\\\/06\\\/27\\\/le-sujet-et-le-corrige-du-2025-sont-en-ligne\\\/#breadcrumb\",\"itemListElement\":[{\"@type\":\"ListItem\",\"position\":1,\"name\":\"Accueil\",\"item\":\"https:\\\/\\\/www.section-aero.fr\\\/\"},{\"@type\":\"ListItem\",\"position\":2,\"name\":\"Non class\u00e9\",\"item\":\"https:\\\/\\\/www.section-aero.fr\\\/index.php\\\/category\\\/non-classe\\\/\"},{\"@type\":\"ListItem\",\"position\":3,\"name\":\"Le sujet et le corrig\u00e9 du BIA 2025 sont en ligne\"}]},{\"@type\":\"WebSite\",\"@id\":\"https:\\\/\\\/www.section-aero.fr\\\/#website\",\"url\":\"https:\\\/\\\/www.section-aero.fr\\\/\",\"name\":\"Section d'Initiation A\u00e9ronautique\",\"description\":\"D\u00e9couvrez l&#039;a\u00e9ronautique en classe de 2nde au Lyc\u00e9e Jean Dupuy\",\"potentialAction\":[{\"@type\":\"SearchAction\",\"target\":{\"@type\":\"EntryPoint\",\"urlTemplate\":\"https:\\\/\\\/www.section-aero.fr\\\/?s={search_term_string}\"},\"query-input\":{\"@type\":\"PropertyValueSpecification\",\"valueRequired\":true,\"valueName\":\"search_term_string\"}}],\"inLanguage\":\"fr-FR\"},{\"@type\":\"Person\",\"@id\":\"https:\\\/\\\/www.section-aero.fr\\\/#\\\/schema\\\/person\\\/3067faae490ee1cf685764a1ae21a448\",\"name\":\"St\u00e9phane Boularand\",\"image\":{\"@type\":\"ImageObject\",\"inLanguage\":\"fr-FR\",\"@id\":\"https:\\\/\\\/secure.gravatar.com\\\/avatar\\\/35e9e9407037f60951990f50a7ad4f1653e5522e2b1c50dee09b34b75dfdeb57?s=96&d=mm&r=g\",\"url\":\"https:\\\/\\\/secure.gravatar.com\\\/avatar\\\/35e9e9407037f60951990f50a7ad4f1653e5522e2b1c50dee09b34b75dfdeb57?s=96&d=mm&r=g\",\"contentUrl\":\"https:\\\/\\\/secure.gravatar.com\\\/avatar\\\/35e9e9407037f60951990f50a7ad4f1653e5522e2b1c50dee09b34b75dfdeb57?s=96&d=mm&r=g\",\"caption\":\"St\u00e9phane Boularand\"},\"sameAs\":[\"https:\\\/\\\/www.bigorre.org\"],\"url\":\"https:\\\/\\\/www.section-aero.fr\\\/index.php\\\/author\\\/stephane\\\/\"}]}<\/script>\n<!-- \/ Yoast SEO plugin. -->","yoast_head_json":{"title":"Le sujet et le corrig\u00e9 du BIA 2025 sont en ligne - Section d&#039;Initiation A\u00e9ronautique","robots":{"index":"index","follow":"follow","max-snippet":"max-snippet:-1","max-image-preview":"max-image-preview:large","max-video-preview":"max-video-preview:-1"},"canonical":"https:\/\/www.section-aero.fr\/index.php\/2025\/06\/27\/le-sujet-et-le-corrige-du-2025-sont-en-ligne\/","og_locale":"fr_FR","og_type":"article","og_title":"Le sujet et le corrig\u00e9 du BIA 2025 sont en ligne - Section d&#039;Initiation A\u00e9ronautique","og_description":"Le sujet 2025, son corrig\u00e9 personnel, le sujet de l&rsquo;\u00e9preuve facultative d&rsquo;anglais a\u00e9ronautique et son corrige tout aussi personnel sont en ligne","og_url":"https:\/\/www.section-aero.fr\/index.php\/2025\/06\/27\/le-sujet-et-le-corrige-du-2025-sont-en-ligne\/","og_site_name":"Section d&#039;Initiation A\u00e9ronautique","article_publisher":"https:\/\/www.facebook.com\/sectionaero","article_published_time":"2025-06-27T14:44:59+00:00","article_modified_time":"2025-06-27T23:01:52+00:00","og_image":[{"width":1000,"height":666,"url":"https:\/\/www.section-aero.fr\/wp-content\/uploads\/2025\/06\/20250604_bia20251.webp","type":"image\/webp"}],"author":"St\u00e9phane Boularand","twitter_card":"summary_large_image","twitter_misc":{"\u00c9crit par":"St\u00e9phane Boularand","Dur\u00e9e de lecture estim\u00e9e":"1 minute"},"schema":{"@context":"https:\/\/schema.org","@graph":[{"@type":"Article","@id":"https:\/\/www.section-aero.fr\/index.php\/2025\/06\/27\/le-sujet-et-le-corrige-du-2025-sont-en-ligne\/#article","isPartOf":{"@id":"https:\/\/www.section-aero.fr\/index.php\/2025\/06\/27\/le-sujet-et-le-corrige-du-2025-sont-en-ligne\/"},"author":{"name":"St\u00e9phane Boularand","@id":"https:\/\/www.section-aero.fr\/#\/schema\/person\/3067faae490ee1cf685764a1ae21a448"},"headline":"Le sujet et le corrig\u00e9 du BIA 2025 sont en ligne","datePublished":"2025-06-27T14:44:59+00:00","dateModified":"2025-06-27T23:01:52+00:00","mainEntityOfPage":{"@id":"https:\/\/www.section-aero.fr\/index.php\/2025\/06\/27\/le-sujet-et-le-corrige-du-2025-sont-en-ligne\/"},"wordCount":34,"image":{"@id":"https:\/\/www.section-aero.fr\/index.php\/2025\/06\/27\/le-sujet-et-le-corrige-du-2025-sont-en-ligne\/#primaryimage"},"thumbnailUrl":"https:\/\/www.section-aero.fr\/wp-content\/uploads\/2025\/06\/20250604_bia20251.webp","inLanguage":"fr-FR"},{"@type":"WebPage","@id":"https:\/\/www.section-aero.fr\/index.php\/2025\/06\/27\/le-sujet-et-le-corrige-du-2025-sont-en-ligne\/","url":"https:\/\/www.section-aero.fr\/index.php\/2025\/06\/27\/le-sujet-et-le-corrige-du-2025-sont-en-ligne\/","name":"Le sujet et le corrig\u00e9 du BIA 2025 sont en ligne - Section d&#039;Initiation A\u00e9ronautique","isPartOf":{"@id":"https:\/\/www.section-aero.fr\/#website"},"primaryImageOfPage":{"@id":"https:\/\/www.section-aero.fr\/index.php\/2025\/06\/27\/le-sujet-et-le-corrige-du-2025-sont-en-ligne\/#primaryimage"},"image":{"@id":"https:\/\/www.section-aero.fr\/index.php\/2025\/06\/27\/le-sujet-et-le-corrige-du-2025-sont-en-ligne\/#primaryimage"},"thumbnailUrl":"https:\/\/www.section-aero.fr\/wp-content\/uploads\/2025\/06\/20250604_bia20251.webp","datePublished":"2025-06-27T14:44:59+00:00","dateModified":"2025-06-27T23:01:52+00:00","author":{"@id":"https:\/\/www.section-aero.fr\/#\/schema\/person\/3067faae490ee1cf685764a1ae21a448"},"breadcrumb":{"@id":"https:\/\/www.section-aero.fr\/index.php\/2025\/06\/27\/le-sujet-et-le-corrige-du-2025-sont-en-ligne\/#breadcrumb"},"inLanguage":"fr-FR","potentialAction":[{"@type":"ReadAction","target":["https:\/\/www.section-aero.fr\/index.php\/2025\/06\/27\/le-sujet-et-le-corrige-du-2025-sont-en-ligne\/"]}]},{"@type":"ImageObject","inLanguage":"fr-FR","@id":"https:\/\/www.section-aero.fr\/index.php\/2025\/06\/27\/le-sujet-et-le-corrige-du-2025-sont-en-ligne\/#primaryimage","url":"https:\/\/www.section-aero.fr\/wp-content\/uploads\/2025\/06\/20250604_bia20251.webp","contentUrl":"https:\/\/www.section-aero.fr\/wp-content\/uploads\/2025\/06\/20250604_bia20251.webp","width":1000,"height":666},{"@type":"BreadcrumbList","@id":"https:\/\/www.section-aero.fr\/index.php\/2025\/06\/27\/le-sujet-et-le-corrige-du-2025-sont-en-ligne\/#breadcrumb","itemListElement":[{"@type":"ListItem","position":1,"name":"Accueil","item":"https:\/\/www.section-aero.fr\/"},{"@type":"ListItem","position":2,"name":"Non class\u00e9","item":"https:\/\/www.section-aero.fr\/index.php\/category\/non-classe\/"},{"@type":"ListItem","position":3,"name":"Le sujet et le corrig\u00e9 du BIA 2025 sont en ligne"}]},{"@type":"WebSite","@id":"https:\/\/www.section-aero.fr\/#website","url":"https:\/\/www.section-aero.fr\/","name":"Section d'Initiation A\u00e9ronautique","description":"D\u00e9couvrez l&#039;a\u00e9ronautique en classe de 2nde au Lyc\u00e9e Jean Dupuy","potentialAction":[{"@type":"SearchAction","target":{"@type":"EntryPoint","urlTemplate":"https:\/\/www.section-aero.fr\/?s={search_term_string}"},"query-input":{"@type":"PropertyValueSpecification","valueRequired":true,"valueName":"search_term_string"}}],"inLanguage":"fr-FR"},{"@type":"Person","@id":"https:\/\/www.section-aero.fr\/#\/schema\/person\/3067faae490ee1cf685764a1ae21a448","name":"St\u00e9phane Boularand","image":{"@type":"ImageObject","inLanguage":"fr-FR","@id":"https:\/\/secure.gravatar.com\/avatar\/35e9e9407037f60951990f50a7ad4f1653e5522e2b1c50dee09b34b75dfdeb57?s=96&d=mm&r=g","url":"https:\/\/secure.gravatar.com\/avatar\/35e9e9407037f60951990f50a7ad4f1653e5522e2b1c50dee09b34b75dfdeb57?s=96&d=mm&r=g","contentUrl":"https:\/\/secure.gravatar.com\/avatar\/35e9e9407037f60951990f50a7ad4f1653e5522e2b1c50dee09b34b75dfdeb57?s=96&d=mm&r=g","caption":"St\u00e9phane Boularand"},"sameAs":["https:\/\/www.bigorre.org"],"url":"https:\/\/www.section-aero.fr\/index.php\/author\/stephane\/"}]}},"_links":{"self":[{"href":"https:\/\/www.section-aero.fr\/index.php\/wp-json\/wp\/v2\/posts\/141","targetHints":{"allow":["GET"]}}],"collection":[{"href":"https:\/\/www.section-aero.fr\/index.php\/wp-json\/wp\/v2\/posts"}],"about":[{"href":"https:\/\/www.section-aero.fr\/index.php\/wp-json\/wp\/v2\/types\/post"}],"author":[{"embeddable":true,"href":"https:\/\/www.section-aero.fr\/index.php\/wp-json\/wp\/v2\/users\/2"}],"replies":[{"embeddable":true,"href":"https:\/\/www.section-aero.fr\/index.php\/wp-json\/wp\/v2\/comments?post=141"}],"version-history":[{"count":2,"href":"https:\/\/www.section-aero.fr\/index.php\/wp-json\/wp\/v2\/posts\/141\/revisions"}],"predecessor-version":[{"id":144,"href":"https:\/\/www.section-aero.fr\/index.php\/wp-json\/wp\/v2\/posts\/141\/revisions\/144"}],"wp:featuredmedia":[{"embeddable":true,"href":"https:\/\/www.section-aero.fr\/index.php\/wp-json\/wp\/v2\/media\/142"}],"wp:attachment":[{"href":"https:\/\/www.section-aero.fr\/index.php\/wp-json\/wp\/v2\/media?parent=141"}],"wp:term":[{"taxonomy":"category","embeddable":true,"href":"https:\/\/www.section-aero.fr\/index.php\/wp-json\/wp\/v2\/categories?post=141"},{"taxonomy":"post_tag","embeddable":true,"href":"https:\/\/www.section-aero.fr\/index.php\/wp-json\/wp\/v2\/tags?post=141"}],"curies":[{"name":"wp","href":"https:\/\/api.w.org\/{rel}","templated":true}]}}